{"id":10117,"date":"2017-01-06T10:31:25","date_gmt":"2017-01-06T09:31:25","guid":{"rendered":"http:\/\/fitfoodmarket.es\/?p=10117"},"modified":"2017-01-06T10:31:25","modified_gmt":"2017-01-06T09:31:25","slug":"receta-fit-vasitos-de-tarta-de-queso","status":"publish","type":"post","link":"https:\/\/www.vikika.es\/blog\/receta-fit-vasitos-de-tarta-de-queso\/","title":{"rendered":"RECETA FIT\/ VASITOS DE TARTA DE QUESO"},"content":{"rendered":"<p>Estos vasitos de \u201ctarta de queso\u201d me han acompa\u00f1ado en el picnic playero este verano m\u00e1s de un d\u00eda, son facil\u00edsimos de hacer y est\u00e1n tan buenos que no parece que en realidad est\u00e9s comiendo algo tan sano. Yo lo tomaba en la playa despu\u00e9s de mis largos paseos a la orilla del mar, y aunque tendr\u00e9 que esperar para volver a mis paseos por la playa, no renunciar\u00e9 a estos vasitos de vez en cuando a lo largo del a\u00f1o, ya que son un recurso muy socorrido para tener en la nevera cuando no tienes mucho tiempo de preparar un tentempi\u00e9. Para mi son ya un imprescindible en la nevera.<\/p>\n<h3><strong>Ingredientes para\u00a04 rac\u00edones:<\/strong><\/h3>\n<ul>\n<li>500 gr de queso quark<\/li>\n<li>Extracto de vainilla<\/li>\n<li>Edulcorante al gusto<\/li>\n<li>125 gr de ar\u00e1ndanos<\/li>\n<li>4 galletas digestive de avena sin az\u00facares a\u00f1adidos<\/li>\n<\/ul>\n<h4><img class=\"aligncenter wp-image-10122 size-full\" title=\"vasitos-de-tarta-de-queso-2\" src=\"http:\/\/fitfoodmarket.es\/media\/2017\/01\/vasitos-de-tarta-de-queso-2.jpg\" alt=\"vasitos-de-tarta-de-queso-2\" width=\"675\" height=\"900\" \/><br \/>\nSEGUIR LEYENDO (NEXT)<\/h4>\n<h3><!--nextpage--><br \/>\n<strong>Elaboraci\u00f3n<\/strong><\/h3>\n<ol>\n<li>En un cazo peque\u00f1o ponemos los ar\u00e1ndanos y una cucharada de agua, llevamos a ebullici\u00f3n y bajamos a fuego lento, dejamos en el fuego durante aproximadamente 15 minutos para que vaya cogiendo una consistencia de compota. Yo no lo agrego edulcorante, pero si eres muy goloso puedes a\u00f1adirlo para que est\u00e9 un pelin m\u00e1s dulce.<\/li>\n<li>Mientras se hacen los ar\u00e1ndanos, mezclamos el queso quark con una cucharada de extracto de vainilla y el edulcorante.<\/li>\n<li>Repartimos los ar\u00e1ndanos entre cuatro recipientes, agregamos nuestra mezcla de queso y finalmente espolvoreamos con una galleta desmenuzada.<\/li>\n<li>Y \u00a1a disfrutar!<\/li>\n<\/ol>\n<h3><img class=\"aligncenter wp-image-10119 size-full\" title=\"vasitos-de-tarta-de-queso-3\" src=\"http:\/\/fitfoodmarket.es\/media\/2017\/01\/vasito-de-tarta-de-queso-3.jpg\" alt=\"vasito-de-tarta-de-queso-3\" width=\"900\" height=\"596\" \/><br \/>\n<strong>Recomendaciones<\/strong><\/h3>\n<ul>\n<li>Si no lo vas a tomar en el momento, recomiendo a\u00f1adir la galleta en el \u00faltimo momento para que no se quede blandita y puedas disfrutar de la combinaci\u00f3n de texturas.<\/li>\n<li>As\u00ed mismo si quieres hacerlo en la manera tradicional en la que se presenta una tarta de queso, si lo vas a consumir en el momento, puedes poner la galleta en la base, despu\u00e9s la mezcla de queso y por \u00faltimo los ar\u00e1ndanos.<\/li>\n<li>Si no te gustan los ar\u00e1ndanos, puedes sustituirlo por alg\u00fan otro fruto rojo, con fresas tambi\u00e9n queda delicioso.<\/li>\n<\/ul>\n<p><strong>Informaci\u00f3n Nutricional<\/strong><br \/>\n<img class=\"aligncenter wp-image-10118 size-full\" title=\"vasitos-de-tarta-de-queso-4\" src=\"http:\/\/fitfoodmarket.es\/media\/2017\/01\/Info-nutricional-vasito-de-tarta-de-queso.png\" alt=\"info-nutricional-vasito-de-tarta-de-queso\" width=\"507\" height=\"596\" \/><em><strong>AUTORA: Sandra Gonz\u00e1lez, Instagram:\u00a0<a href=\"https:\/\/www.instagram.com\/sandra.g.e\/\" target=\"_blank\" rel=\"noopener noreferrer\">@sandra.g.e<\/a><\/strong><\/em><br \/>\n&nbsp;<\/p>\n","protected":false},"excerpt":{"rendered":"<p>Estos vasitos de \u201ctarta de queso\u201d me han acompa\u00f1ado en el picnic playero este verano m\u00e1s de un d\u00eda, son facil\u00edsimos de hacer y est\u00e1n&hellip; <\/p>\n","protected":false},"author":9,"featured_media":0,"comment_status":"open","ping_status":"open","sticky":false,"template":"","format":"standard","meta":[],"categories":[311,235,238,309,256,259,318,234,314,274,255],"tags":[154,155,156,169,157,161,159,164,162],"yoast_head":"<!-- This site is optimized with the Yoast SEO plugin v14.9 - https:\/\/yoast.com\/wordpress\/plugins\/seo\/ -->\n<title>RECETA FIT\/ VASITOS DE TARTA DE QUESO - VIKIKA Blog<\/title>\n<meta name=\"robots\" content=\"index, follow, max-snippet:-1, max-image-preview:large, max-video-preview:-1\" \/>\n<link rel=\"canonical\" href=\"https:\/\/www.vikika.es\/blog\/receta-fit-vasitos-de-tarta-de-queso\/\" \/>\n<link rel=\"next\" href=\"https:\/\/www.vikika.es\/blog\/receta-fit-vasitos-de-tarta-de-queso\/2\/\" \/>\n<meta property=\"og:locale\" content=\"es_ES\" \/>\n<meta property=\"og:type\" content=\"article\" \/>\n<meta property=\"og:title\" content=\"RECETA FIT\/ VASITOS DE TARTA DE QUESO - VIKIKA Blog\" \/>\n<meta property=\"og:description\" content=\"Estos vasitos de \u201ctarta de queso\u201d me han acompa\u00f1ado en el picnic playero este verano m\u00e1s de un d\u00eda, son facil\u00edsimos de hacer y est\u00e1n&hellip;\" \/>\n<meta property=\"og:url\" content=\"https:\/\/www.vikika.es\/blog\/receta-fit-vasitos-de-tarta-de-queso\/\" \/>\n<meta property=\"og:site_name\" content=\"VIKIKA Blog\" \/>\n<meta property=\"article:published_time\" content=\"2017-01-06T09:31:25+00:00\" \/>\n<meta name=\"twitter:card\" content=\"summary_large_image\" \/>\n<script type=\"application\/ld+json\" class=\"yoast-schema-graph\">{\"@context\":\"https:\/\/schema.org\",\"@graph\":[{\"@type\":\"WebSite\",\"@id\":\"https:\/\/www.vikika.es\/blog\/#website\",\"url\":\"https:\/\/www.vikika.es\/blog\/\",\"name\":\"VIKIKA Blog\",\"description\":\"\",\"potentialAction\":[{\"@type\":\"SearchAction\",\"target\":\"https:\/\/www.vikika.es\/blog\/?s={search_term_string}\",\"query-input\":\"required name=search_term_string\"}],\"inLanguage\":\"es\"},{\"@type\":\"ImageObject\",\"@id\":\"https:\/\/www.vikika.es\/blog\/receta-fit-vasitos-de-tarta-de-queso\/#primaryimage\",\"inLanguage\":\"es\",\"url\":\"http:\/\/fitfoodmarket.es\/media\/2017\/01\/vasitos-de-tarta-de-queso-2.jpg\"},{\"@type\":\"WebPage\",\"@id\":\"https:\/\/www.vikika.es\/blog\/receta-fit-vasitos-de-tarta-de-queso\/#webpage\",\"url\":\"https:\/\/www.vikika.es\/blog\/receta-fit-vasitos-de-tarta-de-queso\/\",\"name\":\"RECETA FIT\/ VASITOS DE TARTA DE QUESO - VIKIKA Blog\",\"isPartOf\":{\"@id\":\"https:\/\/www.vikika.es\/blog\/#website\"},\"primaryImageOfPage\":{\"@id\":\"https:\/\/www.vikika.es\/blog\/receta-fit-vasitos-de-tarta-de-queso\/#primaryimage\"},\"datePublished\":\"2017-01-06T09:31:25+00:00\",\"dateModified\":\"2017-01-06T09:31:25+00:00\",\"author\":{\"@id\":\"https:\/\/www.vikika.es\/blog\/#\/schema\/person\/39e11f1735ea80c27d24e5832003bee0\"},\"inLanguage\":\"es\",\"potentialAction\":[{\"@type\":\"ReadAction\",\"target\":[\"https:\/\/www.vikika.es\/blog\/receta-fit-vasitos-de-tarta-de-queso\/\"]}]},{\"@type\":\"Person\",\"@id\":\"https:\/\/www.vikika.es\/blog\/#\/schema\/person\/39e11f1735ea80c27d24e5832003bee0\",\"name\":\"Vikika Team\",\"image\":{\"@type\":\"ImageObject\",\"@id\":\"https:\/\/www.vikika.es\/blog\/#personlogo\",\"inLanguage\":\"es\",\"url\":\"https:\/\/secure.gravatar.com\/avatar\/16c04b2a6416ba76a6e2edff6d2d4d1a?s=96&d=mm&r=g\",\"caption\":\"Vikika Team\"}}]}<\/script>\n<!-- \/ Yoast SEO plugin. -->","_links":{"self":[{"href":"https:\/\/www.vikika.es\/blog\/wp-json\/wp\/v2\/posts\/10117"}],"collection":[{"href":"https:\/\/www.vikika.es\/blog\/wp-json\/wp\/v2\/posts"}],"about":[{"href":"https:\/\/www.vikika.es\/blog\/wp-json\/wp\/v2\/types\/post"}],"author":[{"embeddable":true,"href":"https:\/\/www.vikika.es\/blog\/wp-json\/wp\/v2\/users\/9"}],"replies":[{"embeddable":true,"href":"https:\/\/www.vikika.es\/blog\/wp-json\/wp\/v2\/comments?post=10117"}],"version-history":[{"count":0,"href":"https:\/\/www.vikika.es\/blog\/wp-json\/wp\/v2\/posts\/10117\/revisions"}],"wp:attachment":[{"href":"https:\/\/www.vikika.es\/blog\/wp-json\/wp\/v2\/media?parent=10117"}],"wp:term":[{"taxonomy":"category","embeddable":true,"href":"https:\/\/www.vikika.es\/blog\/wp-json\/wp\/v2\/categories?post=10117"},{"taxonomy":"post_tag","embeddable":true,"href":"https:\/\/www.vikika.es\/blog\/wp-json\/wp\/v2\/tags?post=10117"}],"curies":[{"name":"wp","href":"https:\/\/api.w.org\/{rel}","templated":true}]}}