{"id":252738,"date":"2021-03-22T12:00:52","date_gmt":"2021-03-22T11:00:52","guid":{"rendered":"https:\/\/www.vikika.es\/blog\/?p=252738"},"modified":"2021-03-20T14:03:47","modified_gmt":"2021-03-20T13:03:47","slug":"dia-mundial-agua-conciencia-concienciate","status":"publish","type":"post","link":"https:\/\/www.vikika.es\/blog\/dia-mundial-agua-conciencia-concienciate\/","title":{"rendered":"D\u00eda Mundial del Agua, conciencia y conci\u00e9nciate"},"content":{"rendered":"<p>Hoy, 22 de marzo, se celebra el <strong>D\u00eda Mundial del Agua<\/strong> con el fin de concienciar y dar a conocer la importancia de este recurso fundamental. D\u00eda a d\u00eda podemos aprender a tomar decisiones sostenibles a favor de preservar este planeta y valorar lo realmente importante. En ocasiones, solemos dar por hecho que contamos con ciertos recursos de manera ilimitada y esto, no solo no es as\u00ed, si no que depende en gran medida de nuestras acciones cotidianas. <strong>Hoy te contamos algunos peque\u00f1os gestos que pueden suponer un gran cambio.<\/strong> \u00a1Desc\u00fabrelos!<!--more--><\/p>\n<p>El agua es un bien cada vez m\u00e1s preciado puesto que, paralelamente, es un bien cada vez m\u00e1s escaso.<strong> El agua es un recurso b\u00e1sico para nuestra supervivencia y es importante entender que es renovable pero limitado.<\/strong> Hoy, en el D\u00eda Mundial del Agua, te contamos algunos cambios que puedes hacer en casa para ahorrar agua y, al mismo tiempo, ayudar al medioambiente. No olvides que cada peque\u00f1o cambio supone una gran ayuda. Es posible que pienses que estos gestos son b\u00e1sicos, tal vez ya los conozcas. Sin embargo, debes preguntarte: \u00bfcumplo con ellos? Si la respuesta es &#8220;no&#8221;, ya sabes&#8230; \u00a1prop\u00f3ntelo y cuida el planeta!<\/p>\n<p><picture><source srcset=\"https:\/\/www.vikika.es\/blog\/wp-content\/webp-express\/webp-images\/uploads\/2021\/03\/dia-mundia-agua-.jpg.webp 1920w, https:\/\/www.vikika.es\/blog\/wp-content\/webp-express\/webp-images\/uploads\/2021\/03\/dia-mundia-agua--300x200.jpg.webp 300w, https:\/\/www.vikika.es\/blog\/wp-content\/webp-express\/webp-images\/uploads\/2021\/03\/dia-mundia-agua--1024x683.jpg.webp 1024w, https:\/\/www.vikika.es\/blog\/wp-content\/webp-express\/webp-images\/uploads\/2021\/03\/dia-mundia-agua--768x512.jpg.webp 768w, https:\/\/www.vikika.es\/blog\/wp-content\/webp-express\/webp-images\/uploads\/2021\/03\/dia-mundia-agua--1536x1024.jpg.webp 1536w\" sizes=\"(max-width: 1920px) 100vw, 1920px\" type=\"image\/webp\"><img class=\"aligncenter wp-image-252740 size-full webpexpress-processed\" src=\"https:\/\/www.vikika.es\/blog\/wp-content\/uploads\/2021\/03\/dia-mundia-agua-.jpg\" alt=\"\" width=\"1920\" height=\"1280\" srcset=\"https:\/\/www.vikika.es\/blog\/wp-content\/uploads\/2021\/03\/dia-mundia-agua-.jpg 1920w, https:\/\/www.vikika.es\/blog\/wp-content\/uploads\/2021\/03\/dia-mundia-agua--300x200.jpg 300w, https:\/\/www.vikika.es\/blog\/wp-content\/uploads\/2021\/03\/dia-mundia-agua--1024x683.jpg 1024w, https:\/\/www.vikika.es\/blog\/wp-content\/uploads\/2021\/03\/dia-mundia-agua--768x512.jpg 768w, https:\/\/www.vikika.es\/blog\/wp-content\/uploads\/2021\/03\/dia-mundia-agua--1536x1024.jpg 1536w\" sizes=\"(max-width: 1920px) 100vw, 1920px\"><\/picture><\/p>\n<h2>D\u00eda Mundial del Agua: 5 cambios que puedes emprender<\/h2>\n<ol>\n<li><strong>Ojo al grifo:<\/strong> Dejar que corra agua mientras nos lavamos las manos, o en la ducha mientras nos enjabonamos, supone un gasto elevado e innecesario. Presta atenci\u00f3n a estos momentos y cierra el grifo cuando tenerlo abierto no sea imprescindible. Asimismo, cambiar los ba\u00f1os por duchas es una idea inmejorable.<\/li>\n<li><strong>No dejes que se pierda:<\/strong> Es frecuente dejar correr el agua y desperdiciar la misma mientras esperamos a que se caliente para ducharnos. Almacenarla en un recipiente y reutilizarla para regar las plantas, lavar alimentos, o limpiar, puede ser un gesto muy sencillo e infinitamente efectivo.<\/li>\n<li><strong>Los papeles a la papelera:<\/strong> Si no lo haces ya, recuerda tirar los papeles a la papelera en lugar de al v\u00e1ter. Evita tirar de la cisterna innecesariamente y experimentar\u00e1s un ahorro importante.<\/li>\n<li><strong>\u00bfLavavajillas o a mano?<\/strong> Muchas veces nos preguntamos si es mejor fregar los platos a mano o en el lavavajillas\u2026 \u00bfqu\u00e9 opci\u00f3n supone un menor gasto de agua? Debes saber que siempre que sea posible, lavar los platos en el lavavajillas gasta menos. Eso s\u00ed, ponlo cuando est\u00e9 lleno. \u00a1Importante! Si no es absolutamente imprescindible, no los enjuagues previamente.<\/li>\n<li><strong>Lavadora a pleno rendimiento:<\/strong> Como ocurre con el lavavajillas, la lavadora tambi\u00e9n debe utilizarse cuando est\u00e9 llena.<\/li>\n<\/ol>\n<p>Celebra el D\u00eda Mundial de Agua tomando una mayor conciencia de este preciado bien e informa a tu alrededor de la importancia de optimizar el consumo de la misma. Si algo hemos aprendido con los \u00faltimos acontecimientos,<strong> es que todos salimos ganando si remamos en una misma direcci\u00f3n.<\/strong><\/p>\n","protected":false},"excerpt":{"rendered":"<p>Hoy, 22 de marzo, se celebra el D\u00eda Mundial del Agua con el fin de concienciar y dar a conocer la importancia de este recurso&hellip; <\/p>\n","protected":false},"author":14,"featured_media":252739,"comment_status":"open","ping_status":"open","sticky":false,"template":"","format":"standard","meta":[],"categories":[284,253],"tags":[],"yoast_head":"<!-- This site is optimized with the Yoast SEO plugin v14.9 - https:\/\/yoast.com\/wordpress\/plugins\/seo\/ -->\n<title>D\u00eda Mundial del Agua, conciencia y conci\u00e9nciate - VIKIKA Blog<\/title>\n<meta name=\"description\" content=\"Celebramos el D\u00eda Mundial del Agua proponi\u00e9ndote algunos cambios y nuevos gestos cotidianos para cuidar el medioambiente. \u00bfTe apuntas?\" \/>\n<meta name=\"robots\" content=\"index, follow, max-snippet:-1, max-image-preview:large, max-video-preview:-1\" \/>\n<link rel=\"canonical\" href=\"https:\/\/www.vikika.es\/blog\/dia-mundial-agua-conciencia-concienciate\/\" \/>\n<meta property=\"og:locale\" content=\"es_ES\" \/>\n<meta property=\"og:type\" content=\"article\" \/>\n<meta property=\"og:title\" content=\"D\u00eda Mundial del Agua, conciencia y conci\u00e9nciate - VIKIKA Blog\" \/>\n<meta property=\"og:description\" content=\"Celebramos el D\u00eda Mundial del Agua proponi\u00e9ndote algunos cambios y nuevos gestos cotidianos para cuidar el medioambiente. \u00bfTe apuntas?\" \/>\n<meta property=\"og:url\" content=\"https:\/\/www.vikika.es\/blog\/dia-mundial-agua-conciencia-concienciate\/\" \/>\n<meta property=\"og:site_name\" content=\"VIKIKA Blog\" \/>\n<meta property=\"article:published_time\" content=\"2021-03-22T11:00:52+00:00\" \/>\n<meta property=\"article:modified_time\" content=\"2021-03-20T13:03:47+00:00\" \/>\n<meta property=\"og:image\" content=\"https:\/\/www.vikika.es\/blog\/wp-content\/uploads\/2021\/03\/dia-mundia-agua.jpg\" \/>\n\t<meta property=\"og:image:width\" content=\"1920\" \/>\n\t<meta property=\"og:image:height\" content=\"1283\" \/>\n<meta name=\"twitter:card\" content=\"summary_large_image\" \/>\n<script type=\"application\/ld+json\" class=\"yoast-schema-graph\">{\"@context\":\"https:\/\/schema.org\",\"@graph\":[{\"@type\":\"WebSite\",\"@id\":\"https:\/\/www.vikika.es\/blog\/#website\",\"url\":\"https:\/\/www.vikika.es\/blog\/\",\"name\":\"VIKIKA Blog\",\"description\":\"\",\"potentialAction\":[{\"@type\":\"SearchAction\",\"target\":\"https:\/\/www.vikika.es\/blog\/?s={search_term_string}\",\"query-input\":\"required name=search_term_string\"}],\"inLanguage\":\"es\"},{\"@type\":\"ImageObject\",\"@id\":\"https:\/\/www.vikika.es\/blog\/dia-mundial-agua-conciencia-concienciate\/#primaryimage\",\"inLanguage\":\"es\",\"url\":\"https:\/\/www.vikika.es\/blog\/wp-content\/uploads\/2021\/03\/dia-mundia-agua.jpg\",\"width\":1920,\"height\":1283},{\"@type\":\"WebPage\",\"@id\":\"https:\/\/www.vikika.es\/blog\/dia-mundial-agua-conciencia-concienciate\/#webpage\",\"url\":\"https:\/\/www.vikika.es\/blog\/dia-mundial-agua-conciencia-concienciate\/\",\"name\":\"D\\u00eda Mundial del Agua, conciencia y conci\\u00e9nciate - VIKIKA Blog\",\"isPartOf\":{\"@id\":\"https:\/\/www.vikika.es\/blog\/#website\"},\"primaryImageOfPage\":{\"@id\":\"https:\/\/www.vikika.es\/blog\/dia-mundial-agua-conciencia-concienciate\/#primaryimage\"},\"datePublished\":\"2021-03-22T11:00:52+00:00\",\"dateModified\":\"2021-03-20T13:03:47+00:00\",\"author\":{\"@id\":\"https:\/\/www.vikika.es\/blog\/#\/schema\/person\/3ce5e6dc134494291644154a6f3b0523\"},\"description\":\"Celebramos el D\\u00eda Mundial del Agua proponi\\u00e9ndote algunos cambios y nuevos gestos cotidianos para cuidar el medioambiente. \\u00bfTe apuntas?\",\"inLanguage\":\"es\",\"potentialAction\":[{\"@type\":\"ReadAction\",\"target\":[\"https:\/\/www.vikika.es\/blog\/dia-mundial-agua-conciencia-concienciate\/\"]}]},{\"@type\":\"Person\",\"@id\":\"https:\/\/www.vikika.es\/blog\/#\/schema\/person\/3ce5e6dc134494291644154a6f3b0523\",\"name\":\"Vikika Team\",\"image\":{\"@type\":\"ImageObject\",\"@id\":\"https:\/\/www.vikika.es\/blog\/#personlogo\",\"inLanguage\":\"es\",\"url\":\"https:\/\/secure.gravatar.com\/avatar\/1b720e9b1aafc719811159143749613a?s=96&d=mm&r=g\",\"caption\":\"Vikika Team\"}}]}<\/script>\n<!-- \/ Yoast SEO plugin. -->","_links":{"self":[{"href":"https:\/\/www.vikika.es\/blog\/wp-json\/wp\/v2\/posts\/252738"}],"collection":[{"href":"https:\/\/www.vikika.es\/blog\/wp-json\/wp\/v2\/posts"}],"about":[{"href":"https:\/\/www.vikika.es\/blog\/wp-json\/wp\/v2\/types\/post"}],"author":[{"embeddable":true,"href":"https:\/\/www.vikika.es\/blog\/wp-json\/wp\/v2\/users\/14"}],"replies":[{"embeddable":true,"href":"https:\/\/www.vikika.es\/blog\/wp-json\/wp\/v2\/comments?post=252738"}],"version-history":[{"count":2,"href":"https:\/\/www.vikika.es\/blog\/wp-json\/wp\/v2\/posts\/252738\/revisions"}],"predecessor-version":[{"id":252742,"href":"https:\/\/www.vikika.es\/blog\/wp-json\/wp\/v2\/posts\/252738\/revisions\/252742"}],"wp:featuredmedia":[{"embeddable":true,"href":"https:\/\/www.vikika.es\/blog\/wp-json\/wp\/v2\/media\/252739"}],"wp:attachment":[{"href":"https:\/\/www.vikika.es\/blog\/wp-json\/wp\/v2\/media?parent=252738"}],"wp:term":[{"taxonomy":"category","embeddable":true,"href":"https:\/\/www.vikika.es\/blog\/wp-json\/wp\/v2\/categories?post=252738"},{"taxonomy":"post_tag","embeddable":true,"href":"https:\/\/www.vikika.es\/blog\/wp-json\/wp\/v2\/tags?post=252738"}],"curies":[{"name":"wp","href":"https:\/\/api.w.org\/{rel}","templated":true}]}}