{"id":256972,"date":"2023-06-09T14:00:19","date_gmt":"2023-06-09T12:00:19","guid":{"rendered":"https:\/\/www.vikika.es\/blog\/?p=256972"},"modified":"2023-06-09T14:13:53","modified_gmt":"2023-06-09T12:13:53","slug":"cuidar-pelo-llegada-calor","status":"publish","type":"post","link":"https:\/\/www.vikika.es\/blog\/cuidar-pelo-llegada-calor\/","title":{"rendered":"Cuidar el pelo con la llegada del calor"},"content":{"rendered":"<p>Se acerca el verano y con este el calorcito, la playa, las terrazas \u00a1y los planazos!\u2026 pero tambi\u00e9n el cloro, la sal, la mayor exposici\u00f3n solar y todo lo que ello supone para nuestra melena. Por eso, es momento de disfrutar, pero tambi\u00e9n de prestar atenci\u00f3n al autocuidado. En verano seguimos en movimiento, mantenemos una alimentaci\u00f3n saludable y continuamos con los h\u00e1bitos que mejor nos hacen sentir. Descubre estos<strong> tips para cuidar el pelo con la llegada del calor<\/strong> y sigue luciendo pelazo sin contratiempos.<\/p>\n<p>Con las elevadas temperaturas y la exposici\u00f3n a ciertos factores externos durante el verano, no solo podemos sufrir da\u00f1os en nuestra piel, tambi\u00e9n en el cabello. Por eso, es muy importante tener en cuenta ciertos cuidados que nos protejan de forma integral y que nos permitan sentirnos bien por dentro y por fuerza, <strong>dando prioridad a nuestra salud de una forma sencilla y efectiva<\/strong>.<\/p>\n<h2>Tips para cuidar el pelo con la llegada del calor<\/h2>\n<p>El cabello es muy sensible frente a los cambios de temperatura. As\u00ed, el calor junto a los ba\u00f1os de sal en el mar, o de cloro en la piscina, los lugares cerrados con aire acondicionado, y otros escenarios propios del verano pueden tener consecuencias negativas sobre su estado. <strong>Encrespamiento, sequedad, rotura, ca\u00edda, falta de brillo, incluso cambios en el color<\/strong> pueden ser algunos de los efectos de dejar el pelo desprotegido y sin atenci\u00f3n en esta estaci\u00f3n tan deseada por la mayor\u00eda.<\/p>\n<p>Para evitarlo, es importante adoptar una serie de medidas diarias y otras rutinas especiales para mantenerlo en \u00f3ptimas condiciones. Y es que, en verano,<strong> cuidarse por dentro y por fuera es fundamental<\/strong>. As\u00ed, necesitamos aportar a nuestro cuerpo una <strong>dosis extra de hidrataci\u00f3n y nutrici\u00f3n<\/strong> a trav\u00e9s del consumo de <a href=\"https:\/\/www.vikika.es\/blog\/alimentos-temporada-junio-que-comer\/\">alimentos de temporada<\/a> y, por otro lado, apostando por una serie de<strong> cuidados externos en nuestra piel y pelo<\/strong>. Hoy nos centramos en c\u00f3mo cuidar el pelo con la llegada del calor. Toma nota de los siguientes tips:<\/p>\n<h3>Protecci\u00f3n solar<\/h3>\n<p>Cuando tomes el sol es imprescindible proteger la piel con un factor de protecci\u00f3n adecuado y renov\u00e1ndolo cada cierto tiempo, especialmente si sudas o te ba\u00f1as. \u00a1Con el pelo ocurre lo mismo! Utiliza productos espec\u00edficos para este fin, que sean <strong>adaptados a tu tipo de pelo y que lo cuiden frente a la exposici\u00f3n solar<\/strong>. Te recomendamos, por otro lado, utilizar <strong>pa\u00f1uelos, gorras o sombreros<\/strong> para una mayor protecci\u00f3n. Si hasta ahora no ten\u00edas este tip presente, y empiezas a aplicarlo, notar\u00e1s un antes y un despu\u00e9s.<\/p>\n<h3>Enjuaga tu pelo<\/h3>\n<p>El cloro, entre otros productos empleados en las piscinas, es perjudicial para la buena salud del pelo. No es raro que este <strong>se vuelva m\u00e1s seco y quebradizo<\/strong> tras unos meses exponi\u00e9ndolo a los ba\u00f1os sin ning\u00fan tipo de protecci\u00f3n. Por ello, un consejo que te ayudar\u00e1 mucho a mantener el pelo en buenas condiciones es <strong>enjuagarlo tras el ba\u00f1o para eliminar los restos de sustancias<\/strong> que pueden ser nocivas para la salud capilar.<\/p>\n<p>De igual modo cuando nos ba\u00f1amos en la playa, aunque la sal no es tan perjudicial como puede ser el cloro, tambi\u00e9n puede repercutir negativamente en su apariencia, dej\u00e1ndolo <strong>m\u00e1s seco y apagado<\/strong> con el tiempo. En la playa tal vez sea m\u00e1s complicado poder enjuagarlo tras el ba\u00f1o, pero esto ser\u00eda lo m\u00e1s adecuado junto a un producto capilar de protecci\u00f3n solar.<\/p>\n<p><picture><source srcset=\"https:\/\/www.vikika.es\/blog\/wp-content\/webp-express\/webp-images\/uploads\/2023\/06\/cuidar-pelo-llegada-calor-.jpg.webp 1920w, https:\/\/www.vikika.es\/blog\/wp-content\/webp-express\/webp-images\/uploads\/2023\/06\/cuidar-pelo-llegada-calor--300x200.jpg.webp 300w, https:\/\/www.vikika.es\/blog\/wp-content\/webp-express\/webp-images\/uploads\/2023\/06\/cuidar-pelo-llegada-calor--1024x683.jpg.webp 1024w, https:\/\/www.vikika.es\/blog\/wp-content\/webp-express\/webp-images\/uploads\/2023\/06\/cuidar-pelo-llegada-calor--768x512.jpg.webp 768w, https:\/\/www.vikika.es\/blog\/wp-content\/webp-express\/webp-images\/uploads\/2023\/06\/cuidar-pelo-llegada-calor--1536x1025.jpg.webp 1536w\" sizes=\"(max-width: 1920px) 100vw, 1920px\" type=\"image\/webp\"><img class=\"aligncenter wp-image-256973 size-full webpexpress-processed\" src=\"https:\/\/www.vikika.es\/blog\/wp-content\/uploads\/2023\/06\/cuidar-pelo-llegada-calor-.jpg\" alt=\"\" width=\"1920\" height=\"1281\" srcset=\"https:\/\/www.vikika.es\/blog\/wp-content\/uploads\/2023\/06\/cuidar-pelo-llegada-calor-.jpg 1920w, https:\/\/www.vikika.es\/blog\/wp-content\/uploads\/2023\/06\/cuidar-pelo-llegada-calor--300x200.jpg 300w, https:\/\/www.vikika.es\/blog\/wp-content\/uploads\/2023\/06\/cuidar-pelo-llegada-calor--1024x683.jpg 1024w, https:\/\/www.vikika.es\/blog\/wp-content\/uploads\/2023\/06\/cuidar-pelo-llegada-calor--768x512.jpg 768w, https:\/\/www.vikika.es\/blog\/wp-content\/uploads\/2023\/06\/cuidar-pelo-llegada-calor--1536x1025.jpg 1536w\" sizes=\"(max-width: 1920px) 100vw, 1920px\"><\/picture><\/p>\n<h3>Extra de hidrataci\u00f3n<\/h3>\n<p>Utiliza durante los meses de verano <strong>productos de lavado con un extra de hidrataci\u00f3n<\/strong> para evitar el encrespamiento, la sequedad y la falta de brillo. Te aconsejamos optar por productos con una composici\u00f3n basada en ingredientes naturales, que sean respetuosos con tu cabello y lo mimen con sus amplias propiedades.<\/p>\n<h3>Mascarilla o aceites<\/h3>\n<p>Una vez a la semana, de forma innegociable, <strong>embadurna tu cabello con aceite natural<\/strong> (de almendras o de coco, por ejemplo) desde la ra\u00edz hasta las puntas un par de horas antes de lavarlo. Si lo prefieres, puedes <strong>utilizar alguna mascarilla despu\u00e9s del champ\u00fa<\/strong> que sea muy hidratante y dejarla actuar un buen rato antes de aclarar. As\u00ed, estaremos dotando al cabello de la hidrataci\u00f3n que necesita para mantenerse fuerte y resistente frente a los factores externos.<\/p>\n<h3>Otros tips para cuidar el pelo con la llegada del calor<\/h3>\n<p>Estos son otros aspectos que puedes tener presente:<\/p>\n<ul>\n<li>Seca el pelo a toquecitos con la toalla<strong> sin frotar<\/strong>.<\/li>\n<li><strong>Desenreda primero con los dedos<\/strong> y luego p\u00e9inate para evitar la rotura.<\/li>\n<li><strong>Bebe mucha agua durante el d\u00eda<\/strong> y apuesta por frutas y verduras de temporada.<\/li>\n<li><strong>Evita utilizar herramientas de calor<\/strong>, como planchas o tenacillas.<\/li>\n<li>Si es posible, <strong>deja que se seque al aire<\/strong> en lugar de usar secador. \u00a1Enam\u00f3rate de nuevo de tu pelo al natural!<\/li>\n<li><strong>Evita los peinados muy tirantes<\/strong> o los complementos que ejerzan presi\u00f3n o peso sobre la melena.<\/li>\n<\/ul>\n","protected":false},"excerpt":{"rendered":"<p>Se acerca el verano y con este el calorcito, la playa, las terrazas \u00a1y los planazos!\u2026 pero tambi\u00e9n el cloro, la sal, la mayor exposici\u00f3n&hellip; <\/p>\n","protected":false},"author":14,"featured_media":256974,"comment_status":"open","ping_status":"open","sticky":false,"template":"","format":"standard","meta":[],"categories":[227,231,284,253],"tags":[],"yoast_head":"<!-- This site is optimized with the Yoast SEO plugin v14.9 - https:\/\/yoast.com\/wordpress\/plugins\/seo\/ -->\n<title>Cuidar el pelo con la llegada del calor - VIKIKA Blog<\/title>\n<meta name=\"description\" content=\"Descubre estos consejos para cuidar el pelo con la llegada del calor y sigue luciendo melenaza a pesar del verano.\" \/>\n<meta name=\"robots\" content=\"index, follow, max-snippet:-1, max-image-preview:large, max-video-preview:-1\" \/>\n<link rel=\"canonical\" href=\"https:\/\/www.vikika.es\/blog\/cuidar-pelo-llegada-calor\/\" \/>\n<meta property=\"og:locale\" content=\"es_ES\" \/>\n<meta property=\"og:type\" content=\"article\" \/>\n<meta property=\"og:title\" content=\"Cuidar el pelo con la llegada del calor - VIKIKA Blog\" \/>\n<meta property=\"og:description\" content=\"Descubre estos consejos para cuidar el pelo con la llegada del calor y sigue luciendo melenaza a pesar del verano.\" \/>\n<meta property=\"og:url\" content=\"https:\/\/www.vikika.es\/blog\/cuidar-pelo-llegada-calor\/\" \/>\n<meta property=\"og:site_name\" content=\"VIKIKA Blog\" \/>\n<meta property=\"article:published_time\" content=\"2023-06-09T12:00:19+00:00\" \/>\n<meta property=\"article:modified_time\" content=\"2023-06-09T12:13:53+00:00\" \/>\n<meta property=\"og:image\" content=\"https:\/\/www.vikika.es\/blog\/wp-content\/uploads\/2023\/06\/cuidar-pelo-llegada-calor.jpg\" \/>\n\t<meta property=\"og:image:width\" content=\"1920\" \/>\n\t<meta property=\"og:image:height\" content=\"1277\" \/>\n<meta name=\"twitter:card\" content=\"summary_large_image\" \/>\n<script type=\"application\/ld+json\" class=\"yoast-schema-graph\">{\"@context\":\"https:\/\/schema.org\",\"@graph\":[{\"@type\":\"WebSite\",\"@id\":\"https:\/\/www.vikika.es\/blog\/#website\",\"url\":\"https:\/\/www.vikika.es\/blog\/\",\"name\":\"VIKIKA Blog\",\"description\":\"\",\"potentialAction\":[{\"@type\":\"SearchAction\",\"target\":\"https:\/\/www.vikika.es\/blog\/?s={search_term_string}\",\"query-input\":\"required name=search_term_string\"}],\"inLanguage\":\"es\"},{\"@type\":\"ImageObject\",\"@id\":\"https:\/\/www.vikika.es\/blog\/cuidar-pelo-llegada-calor\/#primaryimage\",\"inLanguage\":\"es\",\"url\":\"https:\/\/www.vikika.es\/blog\/wp-content\/uploads\/2023\/06\/cuidar-pelo-llegada-calor.jpg\",\"width\":1920,\"height\":1277},{\"@type\":\"WebPage\",\"@id\":\"https:\/\/www.vikika.es\/blog\/cuidar-pelo-llegada-calor\/#webpage\",\"url\":\"https:\/\/www.vikika.es\/blog\/cuidar-pelo-llegada-calor\/\",\"name\":\"Cuidar el pelo con la llegada del calor - VIKIKA Blog\",\"isPartOf\":{\"@id\":\"https:\/\/www.vikika.es\/blog\/#website\"},\"primaryImageOfPage\":{\"@id\":\"https:\/\/www.vikika.es\/blog\/cuidar-pelo-llegada-calor\/#primaryimage\"},\"datePublished\":\"2023-06-09T12:00:19+00:00\",\"dateModified\":\"2023-06-09T12:13:53+00:00\",\"author\":{\"@id\":\"https:\/\/www.vikika.es\/blog\/#\/schema\/person\/3ce5e6dc134494291644154a6f3b0523\"},\"description\":\"Descubre estos consejos para cuidar el pelo con la llegada del calor y sigue luciendo melenaza a pesar del verano.\",\"inLanguage\":\"es\",\"potentialAction\":[{\"@type\":\"ReadAction\",\"target\":[\"https:\/\/www.vikika.es\/blog\/cuidar-pelo-llegada-calor\/\"]}]},{\"@type\":\"Person\",\"@id\":\"https:\/\/www.vikika.es\/blog\/#\/schema\/person\/3ce5e6dc134494291644154a6f3b0523\",\"name\":\"Vikika Team\",\"image\":{\"@type\":\"ImageObject\",\"@id\":\"https:\/\/www.vikika.es\/blog\/#personlogo\",\"inLanguage\":\"es\",\"url\":\"https:\/\/secure.gravatar.com\/avatar\/1b720e9b1aafc719811159143749613a?s=96&d=mm&r=g\",\"caption\":\"Vikika Team\"}}]}<\/script>\n<!-- \/ Yoast SEO plugin. -->","_links":{"self":[{"href":"https:\/\/www.vikika.es\/blog\/wp-json\/wp\/v2\/posts\/256972"}],"collection":[{"href":"https:\/\/www.vikika.es\/blog\/wp-json\/wp\/v2\/posts"}],"about":[{"href":"https:\/\/www.vikika.es\/blog\/wp-json\/wp\/v2\/types\/post"}],"author":[{"embeddable":true,"href":"https:\/\/www.vikika.es\/blog\/wp-json\/wp\/v2\/users\/14"}],"replies":[{"embeddable":true,"href":"https:\/\/www.vikika.es\/blog\/wp-json\/wp\/v2\/comments?post=256972"}],"version-history":[{"count":2,"href":"https:\/\/www.vikika.es\/blog\/wp-json\/wp\/v2\/posts\/256972\/revisions"}],"predecessor-version":[{"id":256976,"href":"https:\/\/www.vikika.es\/blog\/wp-json\/wp\/v2\/posts\/256972\/revisions\/256976"}],"wp:featuredmedia":[{"embeddable":true,"href":"https:\/\/www.vikika.es\/blog\/wp-json\/wp\/v2\/media\/256974"}],"wp:attachment":[{"href":"https:\/\/www.vikika.es\/blog\/wp-json\/wp\/v2\/media?parent=256972"}],"wp:term":[{"taxonomy":"category","embeddable":true,"href":"https:\/\/www.vikika.es\/blog\/wp-json\/wp\/v2\/categories?post=256972"},{"taxonomy":"post_tag","embeddable":true,"href":"https:\/\/www.vikika.es\/blog\/wp-json\/wp\/v2\/tags?post=256972"}],"curies":[{"name":"wp","href":"https:\/\/api.w.org\/{rel}","templated":true}]}}